{"id":10397,"date":"2023-07-26T12:28:36","date_gmt":"2023-07-26T10:28:36","guid":{"rendered":"https:\/\/mostazacomunicacion.com\/?p=10397"},"modified":"2023-09-20T11:00:25","modified_gmt":"2023-09-20T09:00:25","slug":"me_gusta_ordenar_el_caos","status":"publish","type":"post","link":"https:\/\/mostazacomunicacion.com\/en\/me_gusta_ordenar_el_caos\/","title":{"rendered":"\u201cMe gusta ordenar el caos\u201d"},"content":{"rendered":"<div  class=\"tatsu-HybQ2lxdoj tatsu-section  tatsu-bg-overlay   tatsu-clearfix\" data-title=\"\"  data-headerscheme=\"background--dark\"><div class='tatsu-section-pad clearfix' data-padding='{\"d\":\"0px 0px 34px 0px\"}' data-padding-top='0px'><div class=\"tatsu-row-wrap  tatsu-wrap tatsu-row-one-col tatsu-row-has-one-cols tatsu-medium-gutter tatsu-reg-cols  tatsu-clearfix tatsu-r1emnlg_so\" ><div  class=\"tatsu-row \" ><div  class=\"tatsu-column  tatsu-bg-overlay tatsu-one-col tatsu-column-image-none tatsu-column-effect-none  tatsu-S1mngldio\"  data-parallax-speed=\"0\" style=\"\"><div class=\"tatsu-column-inner \" ><div class=\"tatsu-column-pad-wrap\"><div class=\"tatsu-column-pad\" ><div  class=\"tatsu-module tatsu-text-block-wrap tatsu-B1QTllOis  \"><div class=\"tatsu-text-inner tatsu-align-center  clearfix\" ><style>.tatsu-B1QTllOis.tatsu-text-block-wrap .tatsu-text-inner{width: 100%;text-align: left;}<\/style>\n<p><em>Maria Herce es licenciada en Antropolog\u00eda cultural por la Universidad de Barcelona y cuenta con una amplia experiencia como Project Manager y directora de Producci\u00f3n en diversas \u00e1reas: industria musical, eventos corporativos y proyectos audiovisuales. Actualmente, es la directora de producci\u00f3n de Mostaza Comunicaci\u00f3n, empresa en la que lleva trabajando 5 a\u00f1os. Hablamos con Maria sobre los eventos como una importante palanca de comunicaci\u00f3n interna y de transformaci\u00f3n empresarial. &nbsp;<\/em><\/p>\n<\/div><\/div><div  class=\"tatsu-module tatsu-text-block-wrap tatsu-Bkc9bldis  \"><div class=\"tatsu-text-inner tatsu-align-center  clearfix\" ><style>.tatsu-Bkc9bldis.tatsu-text-block-wrap .tatsu-text-inner{width: 100%;text-align: left;}<\/style>\n<h2>C\u00f3mo definir\u00edas, con pocas palabras, en qu\u00e9 consiste la producci\u00f3n de eventos internos.<\/h2>\n<p>Consiste en recoger el briefing del cliente y hacer realidad lo que tiene en mente. Buscar un espacio que se adec\u00fae a sus expectativas, preparar todas las cosas que son necesarias para poder llevarlo a cabo\u2026.<\/p>\n<\/div><\/div><div  class=\"tatsu-module tatsu-text-block-wrap tatsu-HyIyN5UVn  \"><div class=\"tatsu-text-inner tatsu-align-center  clearfix\" ><style>.tatsu-HyIyN5UVn.tatsu-text-block-wrap .tatsu-text-inner{width: 100%;text-align: left;}<\/style>\n<h2>Hablando del espacio\u2026 \u00bfCu\u00e1n importante es?<\/h2>\n<p>Para m\u00ed es lo m\u00e1s importante, sobre todo al principio. Si no tienes el espacio donde hacerlo, el evento no sale adelante. Adem\u00e1s, pienso que, seg\u00fan el lugar que consigas, todo lo dem\u00e1s se va adecuando a \u00e9l. Si tienes un espacio con cuatro pantallas, pues adec\u00faas los contenidos a esto, por ejemplo.<\/p>\n<\/div><\/div><div  class=\"tatsu-module tatsu-text-block-wrap tatsu-SJgA79IE2  \"><div class=\"tatsu-text-inner tatsu-align-center  clearfix\" ><style>.tatsu-SJgA79IE2.tatsu-text-block-wrap .tatsu-text-inner{width: 100%;text-align: left;}<\/style>\n<h2>\u00bfQu\u00e9 tipolog\u00edas de eventos hay?<\/h2>\n<p>Puede haber eventos de formaci\u00f3n, eventos tipo convenciones, reuniones (que es lo que hacemos m\u00e1s desde Mostaza), eventos de presentaci\u00f3n de producto, eventos deportivos, tipo test drive en el caso de automoci\u00f3n\u2026<\/p>\n<\/div><\/div><div  class=\"tatsu-module tatsu-text-block-wrap tatsu-Hye4N5I4h  \"><div class=\"tatsu-text-inner tatsu-align-center  clearfix\" ><style>.tatsu-Hye4N5I4h.tatsu-text-block-wrap .tatsu-text-inner{width: 100%;text-align: left;}<\/style>\n<h2>Pasos a seguir en la producci\u00f3n de un evento.<\/h2>\n<p>Depende de cu\u00e1l sea, pero el primer paso es buscar el sitio bas\u00e1ndose en el briefing recibido. A partir de aqu\u00ed haces el presupuesto, y ya empiezas a imagin\u00e1rtelo todo. C\u00f3mo har\u00e1s realidad lo que te ha pedido el cliente a trav\u00e9s del catering, los audiovisuales, el dise\u00f1o, la log\u00edstica\u2026 al final tienes que adaptarlo todo.<\/p>\n<\/div><\/div><div  class=\"tatsu-module tatsu-text-block-wrap tatsu-SJuBNq84n  \"><div class=\"tatsu-text-inner tatsu-align-center  clearfix\" ><style>.tatsu-SJuBNq84n.tatsu-text-block-wrap .tatsu-text-inner{width: 100%;text-align: left;}<\/style>\n<h2>Si te preguntan los 3 imprescindibles para que sea un \u00e9xito\u2026<\/h2>\n<p>Yo creo que lo m\u00e1s importante es cumplir las expectativas del cliente, las que sean. Aunque todo es importante. No quiero decir que una cosa sea m\u00e1s importante que otra. Al final, que todo salga bien. Que el &#8220;journey&#8221; del asistente sea c\u00f3modo en todos los sentidos: que sea f\u00e1cil llegar al sitio, que no haya fr\u00edo, que no haya calor, que haya comida, que haya lavabos\u2026 que todo fluya.<\/p>\n<\/div><\/div><div  class=\"tatsu-module tatsu-text-block-wrap tatsu-H1RDVqIN2  \"><div class=\"tatsu-text-inner tatsu-align-center  clearfix\" ><style>.tatsu-H1RDVqIN2.tatsu-text-block-wrap .tatsu-text-inner{width: 100%;text-align: left;}<\/style>\n<h2>\u201cQue todo salga bien\u201d \u2026, \u00bfse pasan muchos nervios?<\/h2>\n<p>Nervios, cada vez menos. Tienes nervios el d\u00eda del evento, pero son nervios buenos. Igual que el cliente. Tiene unas expectativas y quiere que todo salga bien, y lo ideal es no ponerse nervioso o nerviosa.<\/p>\n<\/div><\/div><div  class=\"tatsu-module tatsu-text-block-wrap tatsu-SJHYV9I4h  \"><div class=\"tatsu-text-inner tatsu-align-center  clearfix\" ><style>.tatsu-SJHYV9I4h.tatsu-text-block-wrap .tatsu-text-inner{width: 100%;text-align: left;}<\/style>\n<h2>Desde la posici\u00f3n del cliente, \u00bfes m\u00e1s importante hacer una gran inversi\u00f3n o focalizarse en esos puntos clave?<\/h2>\n<p>Yo creo que siempre depender\u00e1 de las expectativas que tengan y de lo que te est\u00e9n transmitiendo. Quiz\u00e1s quieren un evento m\u00e1s pr\u00e1ctico para repasar qu\u00e9 ha pasado en los seis meses anteriores y qu\u00e9 pasar\u00e1 en los seis posteriores. Otros quieren no gastarse tanto dinero y solo quieren un sitio c\u00f3modo, ya que el objetivo principal es trasmitir a los asistentes un contenido concreto. Y otros clientes quieren que el evento sea m\u00e1s Premium y prefieren invertir m\u00e1s dinero. O le dan tambi\u00e9n importancia a la experiencia del asistente, no solo a los contenidos que se van a reflejar en el evento concreto, por ejemplo.<\/p>\n<\/div><\/div><div  class=\"tatsu-module tatsu-text-block-wrap tatsu-S1tcVc8Eh  \"><div class=\"tatsu-text-inner tatsu-align-center  clearfix\" ><style>.tatsu-S1tcVc8Eh.tatsu-text-block-wrap .tatsu-text-inner{width: 100%;text-align: left;}<\/style>\n<h2>\u00bfY qu\u00e9 consecuencias traen los eventos internos para la reputaci\u00f3n de la empresa en cuesti\u00f3n?<\/h2>\n<p>Pensando en los que hemos hecho \u00faltimamente, que son del mundo de la movilidad, si la red general est\u00e1 contenta son como un incentivo. Al final pueden hacer un buen networking y el retorno es muy bueno. En cualquier evento yo creo que lo importante es conseguir el objetivo que se hab\u00eda planteado desde un principio: ya sea vender un producto, cohesionar el grupo\u2026 sea cual sea.<\/p>\n<\/div><\/div><div  class=\"tatsu-module tatsu-text-block-wrap tatsu-rku9CTUNh  \"><div class=\"tatsu-text-inner tatsu-align-center  clearfix\" ><style>.tatsu-rku9CTUNh.tatsu-text-block-wrap .tatsu-text-inner{width: 100%;text-align: left;}<\/style>\n<h2>Desde las organizaciones se hacen suficientes acciones internas o crees que se tendr\u00edan que potenciar m\u00e1s\u2026<\/h2>\n<p>Yo creo que se hac\u00edan mucho y en la pandemia se par\u00f3. En pandemia se pens\u00f3 que no se har\u00edan m\u00e1s eventos, pero ahora pienso que los clientes han vuelto con m\u00e1s ganas. Por lo menos, es la sensaci\u00f3n que tengo con la gente del sector.<\/p>\n<\/div><\/div><div  class=\"tatsu-module tatsu-text-block-wrap tatsu-BJbCu6Muh  \"><div class=\"tatsu-text-inner tatsu-align-center  clearfix\" ><style>.tatsu-BJbCu6Muh.tatsu-text-block-wrap .tatsu-text-inner{width: 100%;text-align: left;}<\/style>\n<h2>Como experta\u2026 \u00bfCrees que es necesario conocer a fondo la organizaci\u00f3n y a los profesionales que forman parte de ella?<\/h2>\n<p>Es muy importante. Si no, no cumples las expectativas. Esto pasa en cualquier \u00e1mbito. En el de producci\u00f3n, eventos, cuentas, creativo\u2026 cuanto mejor recojas el briefing, mejor.<\/p>\n<\/div><\/div><div  class=\"tatsu-module tatsu-text-block-wrap tatsu-HkvfwO6qh  \"><div class=\"tatsu-text-inner tatsu-align-center  clearfix\" ><style>.tatsu-HkvfwO6qh.tatsu-text-block-wrap .tatsu-text-inner{width: 100%;text-align: left;}<\/style><\/div><\/div><div  class=\"tatsu-module tatsu-text-block-wrap tatsu-HJkVPua9h  \"><div class=\"tatsu-text-inner tatsu-align-center  clearfix\" ><style>.tatsu-HJkVPua9h.tatsu-text-block-wrap .tatsu-text-inner{width: 100%;text-align: left;}<\/style>\n<h2>\u00bfQu\u00e9 rol juegan los eventos en la transformaci\u00f3n?<\/h2>\n<p>Al final un evento es una herramienta de comunicaci\u00f3n. Se aprovechan para transmitir lo que quieras: los valores, el prop\u00f3sito, posibles cambios\u2026 as\u00ed que podr\u00eda entenderse como una herramienta para la transformaci\u00f3n. Al final la gente que habla en estos eventos puede comunicar todo lo que quiera. &nbsp;<\/p>\n<\/div><\/div><div  class=\"tatsu-module tatsu-text-block-wrap tatsu-ryPHv_p52  \"><div class=\"tatsu-text-inner tatsu-align-center  clearfix\" ><style>.tatsu-ryPHv_p52.tatsu-text-block-wrap .tatsu-text-inner{width: 100%;text-align: left;}<\/style>\n<h2>\u00bfQu\u00e9 es lo que m\u00e1s te llena de tu profesi\u00f3n?<\/h2>\n<p>El d\u00eda del evento es bonito ver que el caos se ha ordenado. Cuando ves que la gente est\u00e1 contenta y que t\u00fa has participado en que est\u00e9 contenta, es una satisfacci\u00f3n. Yo, por ejemplo, era muy feliz cuando se abr\u00edan puertas de un festival en el que hab\u00eda trabajado. Esa sensaci\u00f3n de ver a la gente tan contenta y pensar que yo hab\u00eda conseguido un poco esa felicidad, era una gran satisfacci\u00f3n. Pues en los corporativos, lo mismo. Es un trabajo muy gratificante.<\/p>\n<\/div><\/div><div  class=\"tatsu-module tatsu-text-block-wrap tatsu-SJMDvOaq2  \"><div class=\"tatsu-text-inner tatsu-align-center  clearfix\" ><style>.tatsu-SJMDvOaq2.tatsu-text-block-wrap .tatsu-text-inner{width: 100%;text-align: left;}<\/style>\n<h2>Qu\u00e9 es lo que te ha atra\u00eddo de este sector para dedicarte a \u00e9l.<\/h2>\n<p>Me gusta ordenar el caos. Tienes un abanico muy grande de todo lo que quiere el cliente y tienes que pensar c\u00f3mo ordenarlo, c\u00f3mo pensarlo, c\u00f3mo crearlo de cero\u2026<\/p>\n<\/div><\/div><div  class=\"tatsu-module tatsu-text-block-wrap tatsu-HJ-cmq8Nn  \"><div class=\"tatsu-text-inner tatsu-align-center  clearfix\" ><style>.tatsu-HJ-cmq8Nn.tatsu-text-block-wrap .tatsu-text-inner{width: 100%;text-align: left;}<\/style><\/div><\/div><div  class=\"tatsu-module tatsu-text-block-wrap tatsu-Hyt_Wyxao  \"><div class=\"tatsu-text-inner tatsu-align-center  clearfix\" ><style>.tatsu-Hyt_Wyxao.tatsu-text-block-wrap .tatsu-text-inner{width: 100%;text-align: left;}<\/style>\n<p><b>Mostaza Comunicaci\u00f3n&nbsp;<\/b><\/p>\n<\/div><\/div><div  class=\"tatsu-module tatsu-divider-wrap  tatsu-Bk2Ul6kpj   \"  ><style>.tatsu-Bk2Ul6kpj .tatsu-divider{height: 1px;width: 100%;background: #efefef;}.tatsu-Bk2Ul6kpj.tatsu-divider-wrap{text-align: left;}<\/style><hr class=\"tatsu-divider\"\/><\/div><div  class=\"tatsu-module tatsu-normal-button tatsu-button-wrap   tatsu-SkUZdlOii   \"><a class=\"tatsu-shortcode mediumbtn tatsu-button left-icon rounded   bg-animation-none  \" href=\"mailto:mostaza@mostazacomunicacion.com\" style= \"\"  aria-label=\"Contacta con nosotros\" data-gdpr-atts={} >Contacta con nosotros<\/a><style>.tatsu-SkUZdlOii .tatsu-button{background-color: #dbaa00;color: #ffffff ;}<\/style><\/div><\/div><\/div><div class = \"tatsu-column-bg-image-wrap\"><div class = \"tatsu-column-bg-image\" ><\/div><\/div><div class=\"tatsu-overlay tatsu-column-overlay tatsu-animate-none\" ><\/div><\/div><style>.tatsu-row > .tatsu-S1mngldio.tatsu-column{width: 100%;}.tatsu-S1mngldio.tatsu-column > .tatsu-column-inner > .tatsu-column-overlay{mix-blend-mode: normal;}.tatsu-S1mngldio > .tatsu-column-inner > .tatsu-top-divider{z-index: 9999;}.tatsu-S1mngldio > .tatsu-column-inner > .tatsu-bottom-divider{z-index: 9999;}.tatsu-S1mngldio > .tatsu-column-inner > .tatsu-left-divider{z-index: 9999;}.tatsu-S1mngldio > .tatsu-column-inner > .tatsu-right-divider{z-index: 9999;}@media only screen and (max-width:1377px) {.tatsu-row > .tatsu-S1mngldio.tatsu-column{width: 100%;}}@media only screen and (min-width:768px) and (max-width: 1024px) {.tatsu-row > .tatsu-S1mngldio.tatsu-column{width: 100%;}}@media only screen and (max-width: 767px) {.tatsu-row > .tatsu-S1mngldio.tatsu-column{width: 100%;}}<\/style><\/div><\/div><\/div><div class=\"tatsu-row-wrap  tatsu-wrap tatsu-row-one-col tatsu-row-has-one-cols tatsu-medium-gutter tatsu-reg-cols  tatsu-clearfix tatsu-BJl2_Ve_jj\" ><div  class=\"tatsu-row \" ><div  class=\"tatsu-column  tatsu-bg-overlay tatsu-column-empty tatsu-one-col tatsu-column-image-none tatsu-column-effect-none  tatsu-HJ3dNeuoo\"  data-parallax-speed=\"0\" style=\"\"><div class=\"tatsu-column-inner \" ><div class=\"tatsu-column-pad-wrap\"><div class=\"tatsu-column-pad\" ><\/div><\/div><div class = \"tatsu-column-bg-image-wrap\"><div class = \"tatsu-column-bg-image\" ><\/div><\/div><div class=\"tatsu-overlay tatsu-column-overlay tatsu-animate-none\" ><\/div><\/div><style>.tatsu-row > .tatsu-HJ3dNeuoo.tatsu-column{width: 100%;}.tatsu-HJ3dNeuoo.tatsu-column > .tatsu-column-inner > .tatsu-column-overlay{mix-blend-mode: normal;}.tatsu-HJ3dNeuoo > .tatsu-column-inner > .tatsu-top-divider{z-index: 9999;}.tatsu-HJ3dNeuoo > .tatsu-column-inner > .tatsu-bottom-divider{z-index: 9999;}.tatsu-HJ3dNeuoo > .tatsu-column-inner > .tatsu-left-divider{z-index: 9999;}.tatsu-HJ3dNeuoo > .tatsu-column-inner > .tatsu-right-divider{z-index: 9999;}@media only screen and (max-width:1377px) {.tatsu-row > .tatsu-HJ3dNeuoo.tatsu-column{width: 100%;}}@media only screen and (min-width:768px) and (max-width: 1024px) {.tatsu-row > .tatsu-HJ3dNeuoo.tatsu-column{width: 100%;}}@media only screen and (max-width: 767px) {.tatsu-row > .tatsu-HJ3dNeuoo.tatsu-column{width: 100%;}}<\/style><\/div><\/div><\/div><\/div><div class=\"tatsu-section-background-wrap\"><div class = \"tatsu-section-background\" ><\/div><\/div><div class=\"tatsu-overlay tatsu-section-overlay\"><\/div><style>.tatsu-HybQ2lxdoj .tatsu-section-pad{padding: 0px 0px 34px 0px;}.tatsu-HybQ2lxdoj .tatsu-section-offset-wrap{transform: translateY(-0px);}.tatsu-HybQ2lxdoj > .tatsu-bottom-divider{z-index: 9999;}.tatsu-HybQ2lxdoj > .tatsu-top-divider{z-index: 9999;}.tatsu-HybQ2lxdoj .tatsu-section-overlay{mix-blend-mode: normal;}<\/style><\/div>\n","protected":false},"excerpt":{"rendered":"<p>Hablamos con Maria Herce, directora de producci\u00f3n de Mostaza Comunicaci\u00f3n, sobre los eventos como una importante palanca de comunicaci\u00f3n interna y de transformaci\u00f3n empresarial.  Maria es licenciada en Antropolog\u00eda cultural y cuenta con una amplia experiencia como Project Manager y directora de Producci\u00f3n en diversas \u00e1reas: industria musical, eventos corporativos y proyectos audiovisuales.<\/p>\n<p><a href=\"https:\/\/mostazacomunicacion.com\/en\/me_gusta_ordenar_el_caos\/\" class=\"more-link style1-button\">Read More<\/a><\/p>","protected":false},"author":1,"featured_media":10401,"comment_status":"open","ping_status":"closed","sticky":false,"template":"","format":"standard","meta":{"footnotes":""},"categories":[44,46,166,237,232,233],"tags":[],"class_list":["post-10397","post","type-post","status-publish","format-standard","has-post-thumbnail","hentry","category-agency","category-business","category-comunicacion","category-entrevista","category-exito-empresarial","category-exito-empresarial-2"],"yoast_head":"<!-- This site is optimized with the Yoast SEO plugin v27.5 - https:\/\/yoast.com\/product\/yoast-seo-wordpress\/ -->\n<title>\u201cMe gusta ordenar el caos\u201d - Mostaza Comunicaci\u00f3n<\/title>\n<meta name=\"description\" content=\"Entrevistamos a Mar\u00eda Herce licenciada en Antropolog\u00eda cultural por la Universidad de Barcelona y cuenta con una amplia experiencia como Project Manager y directora de Producci\u00f3n.\" \/>\n<meta name=\"robots\" content=\"index, follow, max-snippet:-1, max-image-preview:large, max-video-preview:-1\" \/>\n<link rel=\"canonical\" href=\"https:\/\/mostazacomunicacion.com\/me_gusta_ordenar_el_caos\/\" \/>\n<meta property=\"og:locale\" content=\"en_US\" \/>\n<meta property=\"og:type\" content=\"article\" \/>\n<meta property=\"og:title\" content=\"\u201cMe gusta ordenar el caos\u201d - Mostaza Comunicaci\u00f3n\" \/>\n<meta property=\"og:description\" content=\"Entrevistamos a Mar\u00eda Herce licenciada en Antropolog\u00eda cultural por la Universidad de Barcelona y cuenta con una amplia experiencia como Project Manager y directora de Producci\u00f3n.\" \/>\n<meta property=\"og:url\" content=\"https:\/\/mostazacomunicacion.com\/me_gusta_ordenar_el_caos\/\" \/>\n<meta property=\"og:site_name\" content=\"Mostaza Comunicaci\u00f3n\" \/>\n<meta property=\"article:publisher\" content=\"https:\/\/www.facebook.com\/agenciamostazacomunicacion\/\" \/>\n<meta property=\"article:published_time\" content=\"2023-07-26T10:28:36+00:00\" \/>\n<meta property=\"article:modified_time\" content=\"2023-09-20T09:00:25+00:00\" \/>\n<meta property=\"og:image\" content=\"https:\/\/mostazacomunicacion.com\/wp-content\/uploads\/2023\/07\/MariaHerce1.jpg\" \/>\n\t<meta property=\"og:image:width\" content=\"771\" \/>\n\t<meta property=\"og:image:height\" content=\"469\" \/>\n\t<meta property=\"og:image:type\" content=\"image\/jpeg\" \/>\n<meta name=\"author\" content=\"mostazaNewAdmin\" \/>\n<meta name=\"twitter:card\" content=\"summary_large_image\" \/>\n<meta name=\"twitter:creator\" content=\"@mostaza\" \/>\n<meta name=\"twitter:site\" content=\"@mostaza\" \/>\n<script type=\"application\/ld+json\" class=\"yoast-schema-graph\">{\"@context\":\"https:\\\/\\\/schema.org\",\"@graph\":[{\"@type\":\"Article\",\"@id\":\"https:\\\/\\\/mostazacomunicacion.com\\\/me_gusta_ordenar_el_caos\\\/#article\",\"isPartOf\":{\"@id\":\"https:\\\/\\\/mostazacomunicacion.com\\\/me_gusta_ordenar_el_caos\\\/\"},\"author\":{\"name\":\"mostazaNewAdmin\",\"@id\":\"https:\\\/\\\/mostazacomunicacion.com\\\/#\\\/schema\\\/person\\\/6a952b6f27f18f9607ede38d0618d43a\"},\"headline\":\"\u201cMe gusta ordenar el caos\u201d\",\"datePublished\":\"2023-07-26T10:28:36+00:00\",\"dateModified\":\"2023-09-20T09:00:25+00:00\",\"mainEntityOfPage\":{\"@id\":\"https:\\\/\\\/mostazacomunicacion.com\\\/me_gusta_ordenar_el_caos\\\/\"},\"wordCount\":3226,\"commentCount\":0,\"publisher\":{\"@id\":\"https:\\\/\\\/mostazacomunicacion.com\\\/#organization\"},\"image\":{\"@id\":\"https:\\\/\\\/mostazacomunicacion.com\\\/me_gusta_ordenar_el_caos\\\/#primaryimage\"},\"thumbnailUrl\":\"https:\\\/\\\/mostazacomunicacion.com\\\/wp-content\\\/uploads\\\/2023\\\/07\\\/MariaHerce1.jpg\",\"articleSection\":[\"Agency\",\"Business\",\"Comunicaci\u00f3n\",\"entrevista\",\"\u00c9xito empresarial\",\"\u00c9xito empresarial\"],\"inLanguage\":\"en-US\",\"potentialAction\":[{\"@type\":\"CommentAction\",\"name\":\"Comment\",\"target\":[\"https:\\\/\\\/mostazacomunicacion.com\\\/me_gusta_ordenar_el_caos\\\/#respond\"]}]},{\"@type\":\"WebPage\",\"@id\":\"https:\\\/\\\/mostazacomunicacion.com\\\/me_gusta_ordenar_el_caos\\\/\",\"url\":\"https:\\\/\\\/mostazacomunicacion.com\\\/me_gusta_ordenar_el_caos\\\/\",\"name\":\"\u201cMe gusta ordenar el caos\u201d - Mostaza Comunicaci\u00f3n\",\"isPartOf\":{\"@id\":\"https:\\\/\\\/mostazacomunicacion.com\\\/#website\"},\"primaryImageOfPage\":{\"@id\":\"https:\\\/\\\/mostazacomunicacion.com\\\/me_gusta_ordenar_el_caos\\\/#primaryimage\"},\"image\":{\"@id\":\"https:\\\/\\\/mostazacomunicacion.com\\\/me_gusta_ordenar_el_caos\\\/#primaryimage\"},\"thumbnailUrl\":\"https:\\\/\\\/mostazacomunicacion.com\\\/wp-content\\\/uploads\\\/2023\\\/07\\\/MariaHerce1.jpg\",\"datePublished\":\"2023-07-26T10:28:36+00:00\",\"dateModified\":\"2023-09-20T09:00:25+00:00\",\"description\":\"Entrevistamos a Mar\u00eda Herce licenciada en Antropolog\u00eda cultural por la Universidad de Barcelona y cuenta con una amplia experiencia como Project Manager y directora de Producci\u00f3n.\",\"breadcrumb\":{\"@id\":\"https:\\\/\\\/mostazacomunicacion.com\\\/me_gusta_ordenar_el_caos\\\/#breadcrumb\"},\"inLanguage\":\"en-US\",\"potentialAction\":[{\"@type\":\"ReadAction\",\"target\":[\"https:\\\/\\\/mostazacomunicacion.com\\\/me_gusta_ordenar_el_caos\\\/\"]}]},{\"@type\":\"ImageObject\",\"inLanguage\":\"en-US\",\"@id\":\"https:\\\/\\\/mostazacomunicacion.com\\\/me_gusta_ordenar_el_caos\\\/#primaryimage\",\"url\":\"https:\\\/\\\/mostazacomunicacion.com\\\/wp-content\\\/uploads\\\/2023\\\/07\\\/MariaHerce1.jpg\",\"contentUrl\":\"https:\\\/\\\/mostazacomunicacion.com\\\/wp-content\\\/uploads\\\/2023\\\/07\\\/MariaHerce1.jpg\",\"width\":771,\"height\":469},{\"@type\":\"BreadcrumbList\",\"@id\":\"https:\\\/\\\/mostazacomunicacion.com\\\/me_gusta_ordenar_el_caos\\\/#breadcrumb\",\"itemListElement\":[{\"@type\":\"ListItem\",\"position\":1,\"name\":\"Portada\",\"item\":\"https:\\\/\\\/mostazacomunicacion.com\\\/en\\\/\"},{\"@type\":\"ListItem\",\"position\":2,\"name\":\"\u201cMe gusta ordenar el caos\u201d\"}]},{\"@type\":\"WebSite\",\"@id\":\"https:\\\/\\\/mostazacomunicacion.com\\\/#website\",\"url\":\"https:\\\/\\\/mostazacomunicacion.com\\\/\",\"name\":\"Mostaza Comunicaci\u00f3n\",\"description\":\"Agencia de Comunicaci\u00f3n interna en Barcelona. Movilizamos a las personas para acelerar los procesos de transformaci\u00f3n mejorando la experiencia de cliente. Somos la agencia de comunicaci\u00f3n de referencia cuando una empresa se encuentra en proceso de transformaci\u00f3n.\",\"publisher\":{\"@id\":\"https:\\\/\\\/mostazacomunicacion.com\\\/#organization\"},\"potentialAction\":[{\"@type\":\"SearchAction\",\"target\":{\"@type\":\"EntryPoint\",\"urlTemplate\":\"https:\\\/\\\/mostazacomunicacion.com\\\/?s={search_term_string}\"},\"query-input\":{\"@type\":\"PropertyValueSpecification\",\"valueRequired\":true,\"valueName\":\"search_term_string\"}}],\"inLanguage\":\"en-US\"},{\"@type\":\"Organization\",\"@id\":\"https:\\\/\\\/mostazacomunicacion.com\\\/#organization\",\"name\":\"Mostaza Comunicacion\",\"url\":\"https:\\\/\\\/mostazacomunicacion.com\\\/\",\"logo\":{\"@type\":\"ImageObject\",\"inLanguage\":\"en-US\",\"@id\":\"https:\\\/\\\/mostazacomunicacion.com\\\/#\\\/schema\\\/logo\\\/image\\\/\",\"url\":\"https:\\\/\\\/mostazacomunicacion.com\\\/wp-content\\\/uploads\\\/2015\\\/04\\\/mostaza_c2001.png\",\"contentUrl\":\"https:\\\/\\\/mostazacomunicacion.com\\\/wp-content\\\/uploads\\\/2015\\\/04\\\/mostaza_c2001.png\",\"width\":200,\"height\":47,\"caption\":\"Mostaza Comunicacion\"},\"image\":{\"@id\":\"https:\\\/\\\/mostazacomunicacion.com\\\/#\\\/schema\\\/logo\\\/image\\\/\"},\"sameAs\":[\"https:\\\/\\\/www.facebook.com\\\/agenciamostazacomunicacion\\\/\",\"https:\\\/\\\/x.com\\\/mostaza\",\"https:\\\/\\\/www.instagram.com\\\/mostazac\\\/\",\"https:\\\/\\\/www.linkedin.com\\\/company\\\/mostaza-comunicaci-n\\\/\",\"https:\\\/\\\/www.pinterest.es\\\/mostazac\\\/\"]},{\"@type\":\"Person\",\"@id\":\"https:\\\/\\\/mostazacomunicacion.com\\\/#\\\/schema\\\/person\\\/6a952b6f27f18f9607ede38d0618d43a\",\"name\":\"mostazaNewAdmin\",\"image\":{\"@type\":\"ImageObject\",\"inLanguage\":\"en-US\",\"@id\":\"https:\\\/\\\/secure.gravatar.com\\\/avatar\\\/d0e82c61fd398b4376224cad14041c37671d58d58ac71926e38ca7abdb122ba9?s=96&d=mm&r=g\",\"url\":\"https:\\\/\\\/secure.gravatar.com\\\/avatar\\\/d0e82c61fd398b4376224cad14041c37671d58d58ac71926e38ca7abdb122ba9?s=96&d=mm&r=g\",\"contentUrl\":\"https:\\\/\\\/secure.gravatar.com\\\/avatar\\\/d0e82c61fd398b4376224cad14041c37671d58d58ac71926e38ca7abdb122ba9?s=96&d=mm&r=g\",\"caption\":\"mostazaNewAdmin\"}}]}<\/script>\n<!-- \/ Yoast SEO plugin. -->","yoast_head_json":{"title":"\u201cMe gusta ordenar el caos\u201d - Mostaza Comunicaci\u00f3n","description":"Entrevistamos a Mar\u00eda Herce licenciada en Antropolog\u00eda cultural por la Universidad de Barcelona y cuenta con una amplia experiencia como Project Manager y directora de Producci\u00f3n.","robots":{"index":"index","follow":"follow","max-snippet":"max-snippet:-1","max-image-preview":"max-image-preview:large","max-video-preview":"max-video-preview:-1"},"canonical":"https:\/\/mostazacomunicacion.com\/me_gusta_ordenar_el_caos\/","og_locale":"en_US","og_type":"article","og_title":"\u201cMe gusta ordenar el caos\u201d - Mostaza Comunicaci\u00f3n","og_description":"Entrevistamos a Mar\u00eda Herce licenciada en Antropolog\u00eda cultural por la Universidad de Barcelona y cuenta con una amplia experiencia como Project Manager y directora de Producci\u00f3n.","og_url":"https:\/\/mostazacomunicacion.com\/me_gusta_ordenar_el_caos\/","og_site_name":"Mostaza Comunicaci\u00f3n","article_publisher":"https:\/\/www.facebook.com\/agenciamostazacomunicacion\/","article_published_time":"2023-07-26T10:28:36+00:00","article_modified_time":"2023-09-20T09:00:25+00:00","og_image":[{"width":771,"height":469,"url":"https:\/\/mostazacomunicacion.com\/wp-content\/uploads\/2023\/07\/MariaHerce1.jpg","type":"image\/jpeg"}],"author":"mostazaNewAdmin","twitter_card":"summary_large_image","twitter_creator":"@mostaza","twitter_site":"@mostaza","schema":{"@context":"https:\/\/schema.org","@graph":[{"@type":"Article","@id":"https:\/\/mostazacomunicacion.com\/me_gusta_ordenar_el_caos\/#article","isPartOf":{"@id":"https:\/\/mostazacomunicacion.com\/me_gusta_ordenar_el_caos\/"},"author":{"name":"mostazaNewAdmin","@id":"https:\/\/mostazacomunicacion.com\/#\/schema\/person\/6a952b6f27f18f9607ede38d0618d43a"},"headline":"\u201cMe gusta ordenar el caos\u201d","datePublished":"2023-07-26T10:28:36+00:00","dateModified":"2023-09-20T09:00:25+00:00","mainEntityOfPage":{"@id":"https:\/\/mostazacomunicacion.com\/me_gusta_ordenar_el_caos\/"},"wordCount":3226,"commentCount":0,"publisher":{"@id":"https:\/\/mostazacomunicacion.com\/#organization"},"image":{"@id":"https:\/\/mostazacomunicacion.com\/me_gusta_ordenar_el_caos\/#primaryimage"},"thumbnailUrl":"https:\/\/mostazacomunicacion.com\/wp-content\/uploads\/2023\/07\/MariaHerce1.jpg","articleSection":["Agency","Business","Comunicaci\u00f3n","entrevista","\u00c9xito empresarial","\u00c9xito empresarial"],"inLanguage":"en-US","potentialAction":[{"@type":"CommentAction","name":"Comment","target":["https:\/\/mostazacomunicacion.com\/me_gusta_ordenar_el_caos\/#respond"]}]},{"@type":"WebPage","@id":"https:\/\/mostazacomunicacion.com\/me_gusta_ordenar_el_caos\/","url":"https:\/\/mostazacomunicacion.com\/me_gusta_ordenar_el_caos\/","name":"\u201cMe gusta ordenar el caos\u201d - Mostaza Comunicaci\u00f3n","isPartOf":{"@id":"https:\/\/mostazacomunicacion.com\/#website"},"primaryImageOfPage":{"@id":"https:\/\/mostazacomunicacion.com\/me_gusta_ordenar_el_caos\/#primaryimage"},"image":{"@id":"https:\/\/mostazacomunicacion.com\/me_gusta_ordenar_el_caos\/#primaryimage"},"thumbnailUrl":"https:\/\/mostazacomunicacion.com\/wp-content\/uploads\/2023\/07\/MariaHerce1.jpg","datePublished":"2023-07-26T10:28:36+00:00","dateModified":"2023-09-20T09:00:25+00:00","description":"Entrevistamos a Mar\u00eda Herce licenciada en Antropolog\u00eda cultural por la Universidad de Barcelona y cuenta con una amplia experiencia como Project Manager y directora de Producci\u00f3n.","breadcrumb":{"@id":"https:\/\/mostazacomunicacion.com\/me_gusta_ordenar_el_caos\/#breadcrumb"},"inLanguage":"en-US","potentialAction":[{"@type":"ReadAction","target":["https:\/\/mostazacomunicacion.com\/me_gusta_ordenar_el_caos\/"]}]},{"@type":"ImageObject","inLanguage":"en-US","@id":"https:\/\/mostazacomunicacion.com\/me_gusta_ordenar_el_caos\/#primaryimage","url":"https:\/\/mostazacomunicacion.com\/wp-content\/uploads\/2023\/07\/MariaHerce1.jpg","contentUrl":"https:\/\/mostazacomunicacion.com\/wp-content\/uploads\/2023\/07\/MariaHerce1.jpg","width":771,"height":469},{"@type":"BreadcrumbList","@id":"https:\/\/mostazacomunicacion.com\/me_gusta_ordenar_el_caos\/#breadcrumb","itemListElement":[{"@type":"ListItem","position":1,"name":"Portada","item":"https:\/\/mostazacomunicacion.com\/en\/"},{"@type":"ListItem","position":2,"name":"\u201cMe gusta ordenar el caos\u201d"}]},{"@type":"WebSite","@id":"https:\/\/mostazacomunicacion.com\/#website","url":"https:\/\/mostazacomunicacion.com\/","name":"Mostaza Comunicaci\u00f3n","description":"Agencia de Comunicaci\u00f3n interna en Barcelona. Movilizamos a las personas para acelerar los procesos de transformaci\u00f3n mejorando la experiencia de cliente. Somos la agencia de comunicaci\u00f3n de referencia cuando una empresa se encuentra en proceso de transformaci\u00f3n.","publisher":{"@id":"https:\/\/mostazacomunicacion.com\/#organization"},"potentialAction":[{"@type":"SearchAction","target":{"@type":"EntryPoint","urlTemplate":"https:\/\/mostazacomunicacion.com\/?s={search_term_string}"},"query-input":{"@type":"PropertyValueSpecification","valueRequired":true,"valueName":"search_term_string"}}],"inLanguage":"en-US"},{"@type":"Organization","@id":"https:\/\/mostazacomunicacion.com\/#organization","name":"Mostaza Comunicacion","url":"https:\/\/mostazacomunicacion.com\/","logo":{"@type":"ImageObject","inLanguage":"en-US","@id":"https:\/\/mostazacomunicacion.com\/#\/schema\/logo\/image\/","url":"https:\/\/mostazacomunicacion.com\/wp-content\/uploads\/2015\/04\/mostaza_c2001.png","contentUrl":"https:\/\/mostazacomunicacion.com\/wp-content\/uploads\/2015\/04\/mostaza_c2001.png","width":200,"height":47,"caption":"Mostaza Comunicacion"},"image":{"@id":"https:\/\/mostazacomunicacion.com\/#\/schema\/logo\/image\/"},"sameAs":["https:\/\/www.facebook.com\/agenciamostazacomunicacion\/","https:\/\/x.com\/mostaza","https:\/\/www.instagram.com\/mostazac\/","https:\/\/www.linkedin.com\/company\/mostaza-comunicaci-n\/","https:\/\/www.pinterest.es\/mostazac\/"]},{"@type":"Person","@id":"https:\/\/mostazacomunicacion.com\/#\/schema\/person\/6a952b6f27f18f9607ede38d0618d43a","name":"mostazaNewAdmin","image":{"@type":"ImageObject","inLanguage":"en-US","@id":"https:\/\/secure.gravatar.com\/avatar\/d0e82c61fd398b4376224cad14041c37671d58d58ac71926e38ca7abdb122ba9?s=96&d=mm&r=g","url":"https:\/\/secure.gravatar.com\/avatar\/d0e82c61fd398b4376224cad14041c37671d58d58ac71926e38ca7abdb122ba9?s=96&d=mm&r=g","contentUrl":"https:\/\/secure.gravatar.com\/avatar\/d0e82c61fd398b4376224cad14041c37671d58d58ac71926e38ca7abdb122ba9?s=96&d=mm&r=g","caption":"mostazaNewAdmin"}}]}},"_links":{"self":[{"href":"https:\/\/mostazacomunicacion.com\/en\/wp-json\/wp\/v2\/posts\/10397","targetHints":{"allow":["GET"]}}],"collection":[{"href":"https:\/\/mostazacomunicacion.com\/en\/wp-json\/wp\/v2\/posts"}],"about":[{"href":"https:\/\/mostazacomunicacion.com\/en\/wp-json\/wp\/v2\/types\/post"}],"author":[{"embeddable":true,"href":"https:\/\/mostazacomunicacion.com\/en\/wp-json\/wp\/v2\/users\/1"}],"replies":[{"embeddable":true,"href":"https:\/\/mostazacomunicacion.com\/en\/wp-json\/wp\/v2\/comments?post=10397"}],"version-history":[{"count":7,"href":"https:\/\/mostazacomunicacion.com\/en\/wp-json\/wp\/v2\/posts\/10397\/revisions"}],"predecessor-version":[{"id":10507,"href":"https:\/\/mostazacomunicacion.com\/en\/wp-json\/wp\/v2\/posts\/10397\/revisions\/10507"}],"wp:featuredmedia":[{"embeddable":true,"href":"https:\/\/mostazacomunicacion.com\/en\/wp-json\/wp\/v2\/media\/10401"}],"wp:attachment":[{"href":"https:\/\/mostazacomunicacion.com\/en\/wp-json\/wp\/v2\/media?parent=10397"}],"wp:term":[{"taxonomy":"category","embeddable":true,"href":"https:\/\/mostazacomunicacion.com\/en\/wp-json\/wp\/v2\/categories?post=10397"},{"taxonomy":"post_tag","embeddable":true,"href":"https:\/\/mostazacomunicacion.com\/en\/wp-json\/wp\/v2\/tags?post=10397"}],"curies":[{"name":"wp","href":"https:\/\/api.w.org\/{rel}","templated":true}]}}